{"id":265,"date":"2023-06-26T07:39:00","date_gmt":"2023-06-26T05:39:00","guid":{"rendered":"https:\/\/smalltalks.eu\/blog\/?p=265"},"modified":"2023-07-16T07:41:20","modified_gmt":"2023-07-16T05:41:20","slug":"conference-icam-ia-peut-on-en-faire-une-alliee-au-service-de-nos-pratiques-professionnelles","status":"publish","type":"post","link":"https:\/\/smalltalks.eu\/blog\/index.php\/2023\/06\/26\/conference-icam-ia-peut-on-en-faire-une-alliee-au-service-de-nos-pratiques-professionnelles\/","title":{"rendered":"Conf\u00e9rence Icam &#8211; IA : peut-on en faire une alli\u00e9e au service de nos pratiques professionnelles ?"},"content":{"rendered":"\n<p>Peut-on mettre l&#8217;intelligence artificielle au service de nos pratiques professionnelles <\/p>\n\n\n\n<p>Trois enseignants-chercheurs Icam nous font part de leur avis sur ce sujet ! Yann Ferguson est docteur en sociologie et chercheur \u00e0 l\u2019Icam, site de Toulouse. Ses travaux portent sur les relations entre les travailleurs et les outils num\u00e9riques embarquant des algorithmes d&#8217;intelligence artificielle. Il met en lumi\u00e8re les conditions de d\u00e9ploiement d&#8217;une IA responsable au travail, c&#8217;est-\u00e0-dire encapacitante, inclusive et \u00e9thique. A ce titre, il est expert au sein du groupe Futur du travail du Partenariat Mondial pour l\u2019IA et responsable scientifique du LaborIA, programme de recherche-action du Minist\u00e8re du Travail fran\u00e7ais et de l&#8217;Inria.<\/p>\n\n\n\n<p>Simona D&#8217;Attanasio est chercheuse \u00e0 l\u2019Icam, site de Toulouse, dans les domaines des interactions humain-machine et humain-robot. Ses recherches actuelles portent sur l&#8217;\u00e9tude des syst\u00e8mes centr\u00e9s sur l&#8217;humain : principes, m\u00e9thodes et technologies permettant une interaction efficace et intuitive entre les personnes et les technologies robotiques (syst\u00e8mes intelligents) et facilitant l&#8217;int\u00e9gration r\u00e9ussie de ces technologies dans les environnements humains. <\/p>\n\n\n\n<p>C\u00e9dric Bobenrieth est est docteur en informatique, passionn\u00e9 par l&#8217;IA, et chercheur \u00e0 l&#8217;Icam, site de Strasbourg-Europe. Il est membre de l&#8217;\u00e9quipe Machine Learning, Mod\u00e9lisation &amp; Simulation du laboratoire iCube de Strasbourg. Ses th\u00e9matiques de recherche couvrent principalement l&#8217;utilisation de l&#8217;IA dans les domaines li\u00e9s aux images 2D et \u00e0 la mod\u00e9lisation 3D.<\/p>\n\n\n\n<figure class=\"wp-block-embed is-type-video is-provider-youtube wp-block-embed-youtube wp-embed-aspect-16-9 wp-has-aspect-ratio\"><div class=\"wp-block-embed__wrapper\">\n<iframe loading=\"lazy\" title=\"Conf\u00e9rence Icam - IA : peut-on en faire une alli\u00e9e au service de nos pratiques professionnelles ?\" width=\"640\" height=\"360\" src=\"https:\/\/www.youtube.com\/embed\/YxQ4Zv6Wa1U?feature=oembed\" frameborder=\"0\" allow=\"accelerometer; autoplay; clipboard-write; encrypted-media; gyroscope; picture-in-picture; web-share\" referrerpolicy=\"strict-origin-when-cross-origin\" allowfullscreen><\/iframe>\n<\/div><\/figure>\n","protected":false},"excerpt":{"rendered":"<p>Peut-on mettre l&#8217;intelligence artificielle au service de nos pratiques professionnelles Trois enseignants-chercheurs Icam nous font part de leur avis sur ce sujet ! Yann Ferguson est docteur en sociologie et chercheur \u00e0 l\u2019Icam, site de Toulouse. Ses travaux portent sur les relations entre les travailleurs et les outils num\u00e9riques embarquant des algorithmes d&#8217;intelligence artificielle. Il met en lumi\u00e8re les conditions de d\u00e9ploiement d&#8217;une IA responsable au travail, c&#8217;est-\u00e0-dire encapacitante, inclusive et \u00e9thique. A ce titre, il est expert au sein&#8230;<\/p>\n<p class=\"read-more\"><a class=\"btn btn-default\" href=\"https:\/\/smalltalks.eu\/blog\/index.php\/2023\/06\/26\/conference-icam-ia-peut-on-en-faire-une-alliee-au-service-de-nos-pratiques-professionnelles\/\"> Read More<span class=\"screen-reader-text\">  Read More<\/span><\/a><\/p>\n","protected":false},"author":1,"featured_media":0,"comment_status":"closed","ping_status":"open","sticky":false,"template":"","format":"standard","meta":{"footnotes":""},"categories":[113,110],"tags":[],"class_list":["post-265","post","type-post","status-publish","format-standard","hentry","category-icam","category-theme-intelligence-artificielle"],"_links":{"self":[{"href":"https:\/\/smalltalks.eu\/blog\/index.php\/wp-json\/wp\/v2\/posts\/265","targetHints":{"allow":["GET"]}}],"collection":[{"href":"https:\/\/smalltalks.eu\/blog\/index.php\/wp-json\/wp\/v2\/posts"}],"about":[{"href":"https:\/\/smalltalks.eu\/blog\/index.php\/wp-json\/wp\/v2\/types\/post"}],"author":[{"embeddable":true,"href":"https:\/\/smalltalks.eu\/blog\/index.php\/wp-json\/wp\/v2\/users\/1"}],"replies":[{"embeddable":true,"href":"https:\/\/smalltalks.eu\/blog\/index.php\/wp-json\/wp\/v2\/comments?post=265"}],"version-history":[{"count":1,"href":"https:\/\/smalltalks.eu\/blog\/index.php\/wp-json\/wp\/v2\/posts\/265\/revisions"}],"predecessor-version":[{"id":266,"href":"https:\/\/smalltalks.eu\/blog\/index.php\/wp-json\/wp\/v2\/posts\/265\/revisions\/266"}],"wp:attachment":[{"href":"https:\/\/smalltalks.eu\/blog\/index.php\/wp-json\/wp\/v2\/media?parent=265"}],"wp:term":[{"taxonomy":"category","embeddable":true,"href":"https:\/\/smalltalks.eu\/blog\/index.php\/wp-json\/wp\/v2\/categories?post=265"},{"taxonomy":"post_tag","embeddable":true,"href":"https:\/\/smalltalks.eu\/blog\/index.php\/wp-json\/wp\/v2\/tags?post=265"}],"curies":[{"name":"wp","href":"https:\/\/api.w.org\/{rel}","templated":true}]}}