{"id":225,"date":"2023-01-06T17:24:29","date_gmt":"2023-01-06T16:24:29","guid":{"rendered":"https:\/\/smalltalks.eu\/blog\/?p=225"},"modified":"2023-01-06T17:28:44","modified_gmt":"2023-01-06T16:28:44","slug":"au-nom-de-la-terre-2019","status":"publish","type":"post","link":"https:\/\/smalltalks.eu\/blog\/index.php\/2023\/01\/06\/au-nom-de-la-terre-2019\/","title":{"rendered":"AU NOM DE LA TERRE (2019)"},"content":{"rendered":"\n<figure class=\"wp-block-embed is-type-rich is-provider-prise-en-charge-des-contenus-embarques wp-block-embed-prise-en-charge-des-contenus-embarques wp-embed-aspect-16-9 wp-has-aspect-ratio\"><div class=\"wp-block-embed__wrapper\">\n<iframe loading=\"lazy\" title=\"Au nom de la terre - Bande-annonce VF\" width=\"640\" height=\"360\" src=\"https:\/\/www.youtube.com\/embed\/FZ4Sn72xVi4?feature=oembed\" frameborder=\"0\" allow=\"accelerometer; autoplay; clipboard-write; encrypted-media; gyroscope; picture-in-picture; web-share\" referrerpolicy=\"strict-origin-when-cross-origin\" allowfullscreen><\/iframe>\n<\/div><\/figure>\n\n\n\n<p><a href=\"https:\/\/www.youtube.com\/@AuCine\"><\/a><\/p>\n\n\n\n<blockquote class=\"wp-block-quote is-layout-flow wp-block-quote-is-layout-flow\">\n<p>Bande annonce du film AU NOM DE LA TERRE r\u00e9alis\u00e9 par Edouard Bergeon.<br>Pierre a 25 ans quand il rentre du Wyoming pour retrouver Claire sa fianc\u00e9e et reprendre la ferme familiale. Vingt ans plus tard, l&#8217;exploitation s\u2019est agrandie, la famille aussi. C\u2019est le temps des jours heureux, du moins au d\u00e9but\u2026 Les dettes s\u2019accumulent et Pierre s\u2019\u00e9puise au travail. Malgr\u00e9 l\u2019amour de sa femme et ses enfants, il sombre peu \u00e0 peu\u2026 Construit comme une saga familiale, et d\u2019apr\u00e8s la propre histoire du r\u00e9alisateur, le film porte un regard humain sur l\u2019\u00e9volution du monde agricole de ces 40 derni\u00e8res ann\u00e9es. Avec&nbsp;Guillaume Canet, Veerle Baetens, Anthony Bajon, Rufus, Samir Guesmi, Yona Kervern Date de sortie au cin\u00e9ma : 25 septembre 2019<\/p>\n<cite>Diaphana Distribution<\/cite><\/blockquote>\n\n\n\n<figure class=\"wp-block-embed is-type-rich is-provider-prise-en-charge-des-contenus-embarques wp-block-embed-prise-en-charge-des-contenus-embarques wp-embed-aspect-16-9 wp-has-aspect-ratio\"><div class=\"wp-block-embed__wrapper\">\n<iframe loading=\"lazy\" title=\"Dans &quot;Au nom de la terre&quot;, Edouard Bergeon raconte l&#039;histoire de son p\u00e8re agriculteur\" width=\"640\" height=\"360\" src=\"https:\/\/www.youtube.com\/embed\/kkiZ9ZVpfwQ?feature=oembed\" frameborder=\"0\" allow=\"accelerometer; autoplay; clipboard-write; encrypted-media; gyroscope; picture-in-picture; web-share\" referrerpolicy=\"strict-origin-when-cross-origin\" allowfullscreen><\/iframe>\n<\/div><\/figure>\n\n\n\n<blockquote class=\"wp-block-quote is-layout-flow wp-block-quote-is-layout-flow\">\n<p>\u00ab Il y a un agriculteur chaque jour qui se donne la mort en France. L\u00e0, en 2019. \u00bb Dans \u00ab Au nom de la terre \u00bb, Guillaume Canet joue le r\u00f4le d\u2019un agriculteur \u00e0 bout, qui ira jusqu\u2019au suicide. C\u2019est l\u2019histoire du p\u00e8re du r\u00e9alisateur, Edouard Bergeon. Il raconte. L\u2019agriculteur jou\u00e9 par Guillaume Canet, n\u2019est autre que le p\u00e8re du r\u00e9alisateur. Au coeur de la r\u00e9gion Nouvelle-Aquitaine, la petite commune de Jazeneuil, o\u00f9 vivait Edouard Bergeon, lorsqu\u2019il \u00e9tait enfant. Le p\u00e8re d\u2019Edouard Bergeon \u00e9tait \u00e9leveur de chevreaux, il y avait jusqu\u2019\u00e0 7000 b\u00eates dans son exploitation. Seize heures de travail par jour, six jours par semaine, le p\u00e8re du r\u00e9alisateur travaillait souvent \u00e0 perte, d\u00e9pendant toujours des cours du march\u00e9 lorsqu\u2019il vendait ses b\u00eates. Alors, certains mois, les parents d\u2019Edouard Bergeon ne parvenaient qu\u2019\u00e0 un faible salaire, quand d\u2019autres mois encore, ils n\u2019avaient rien. Un premier incendie en 1989 puis un second en 1997 frappent l\u2019exploitation. Ces \u00e9v\u00e8nements ach\u00e8vent de plonger le p\u00e8re d\u2019Edouard Bergeon dans la d\u00e9pression, jusqu\u2019\u00e0 son suicide, deux ans plus tard. \u00ab Il n\u2019y a pas de pays sans paysan \u00bb pour le r\u00e9alisateur. Avec son prochain film \u00ab Au nom de la terre \u00bb, Edouard Bergeon renoue avec son enfance. Lui qui, enfant, r\u00eavait de reprendre l\u2019exploitation de son p\u00e8re, il veut aujourd\u2019hui rendre hommage \u00e0 celle qui nous donne tout, la terre.<\/p>\n<cite>Brut<\/cite><\/blockquote>\n","protected":false},"excerpt":{"rendered":"<p>Bande annonce du film AU NOM DE LA TERRE r\u00e9alis\u00e9 par Edouard Bergeon.Pierre a 25 ans quand il rentre du Wyoming pour retrouver Claire sa fianc\u00e9e et reprendre la ferme familiale. Vingt ans plus tard, l&#8217;exploitation s\u2019est agrandie, la famille aussi. C\u2019est le temps des jours heureux, du moins au d\u00e9but\u2026 Les dettes s\u2019accumulent et Pierre s\u2019\u00e9puise au travail. Malgr\u00e9 l\u2019amour de sa femme et ses enfants, il sombre peu \u00e0 peu\u2026 Construit comme une saga familiale, et d\u2019apr\u00e8s la&#8230;<\/p>\n<p class=\"read-more\"><a class=\"btn btn-default\" href=\"https:\/\/smalltalks.eu\/blog\/index.php\/2023\/01\/06\/au-nom-de-la-terre-2019\/\"> Read More<span class=\"screen-reader-text\">  Read More<\/span><\/a><\/p>\n","protected":false},"author":1,"featured_media":0,"comment_status":"open","ping_status":"open","sticky":false,"template":"","format":"standard","meta":{"footnotes":""},"categories":[100],"tags":[],"class_list":["post-225","post","type-post","status-publish","format-standard","hentry","category-films"],"_links":{"self":[{"href":"https:\/\/smalltalks.eu\/blog\/index.php\/wp-json\/wp\/v2\/posts\/225","targetHints":{"allow":["GET"]}}],"collection":[{"href":"https:\/\/smalltalks.eu\/blog\/index.php\/wp-json\/wp\/v2\/posts"}],"about":[{"href":"https:\/\/smalltalks.eu\/blog\/index.php\/wp-json\/wp\/v2\/types\/post"}],"author":[{"embeddable":true,"href":"https:\/\/smalltalks.eu\/blog\/index.php\/wp-json\/wp\/v2\/users\/1"}],"replies":[{"embeddable":true,"href":"https:\/\/smalltalks.eu\/blog\/index.php\/wp-json\/wp\/v2\/comments?post=225"}],"version-history":[{"count":2,"href":"https:\/\/smalltalks.eu\/blog\/index.php\/wp-json\/wp\/v2\/posts\/225\/revisions"}],"predecessor-version":[{"id":230,"href":"https:\/\/smalltalks.eu\/blog\/index.php\/wp-json\/wp\/v2\/posts\/225\/revisions\/230"}],"wp:attachment":[{"href":"https:\/\/smalltalks.eu\/blog\/index.php\/wp-json\/wp\/v2\/media?parent=225"}],"wp:term":[{"taxonomy":"category","embeddable":true,"href":"https:\/\/smalltalks.eu\/blog\/index.php\/wp-json\/wp\/v2\/categories?post=225"},{"taxonomy":"post_tag","embeddable":true,"href":"https:\/\/smalltalks.eu\/blog\/index.php\/wp-json\/wp\/v2\/tags?post=225"}],"curies":[{"name":"wp","href":"https:\/\/api.w.org\/{rel}","templated":true}]}}