{"id":213,"date":"2022-10-23T10:52:35","date_gmt":"2022-10-23T08:52:35","guid":{"rendered":"https:\/\/smalltalks.eu\/blog\/?p=213"},"modified":"2023-01-03T10:55:34","modified_gmt":"2023-01-03T09:55:34","slug":"le-nazisme-fut-il-moderne-johann-chapoutot-la-cite-miroir","status":"publish","type":"post","link":"https:\/\/smalltalks.eu\/blog\/index.php\/2022\/10\/23\/le-nazisme-fut-il-moderne-johann-chapoutot-la-cite-miroir\/","title":{"rendered":"Le nazisme fut-il moderne ? &#8211; Johann Chapoutot [La Cit\u00e9 Miroir]"},"content":{"rendered":"\n<blockquote class=\"wp-block-quote is-layout-flow wp-block-quote-is-layout-flow\">\n<p>Une conf\u00e9rence d&#8217;une grande force, o\u00f9 Johann Chapoutot, malgr\u00e9 une voix enrou\u00e9e, saisit l&#8217;auditoire en nous faisant toucher la modernit\u00e9 inqui\u00e9tante de ressorts sur lesquels s&#8217;est appuy\u00e9 le nazisme, balayant au passage quelques clich\u00e9s que nous avons sur l&#8217;organisation nazie, et qui sont justement l&#8217;oeuvre de la propagande. La captation est de tr\u00e8s bonne qualit\u00e9.<\/p>\n<cite>La Cit\u00e9 Miroir<\/cite><\/blockquote>\n\n\n\n<p><\/p>\n\n\n\n<figure class=\"wp-block-embed is-type-rich is-provider-prise-en-charge-des-contenus-embarques wp-block-embed-prise-en-charge-des-contenus-embarques wp-embed-aspect-16-9 wp-has-aspect-ratio\"><div class=\"wp-block-embed__wrapper\">\n<iframe loading=\"lazy\" title=\"Le nazisme fut-il moderne ? - Johann Chapoutot \u00e0 La Cit\u00e9 Miroir - 29 septembre 2022\" width=\"640\" height=\"360\" src=\"https:\/\/www.youtube.com\/embed\/s7CLjnrkcf4?feature=oembed\" frameborder=\"0\" allow=\"accelerometer; autoplay; clipboard-write; encrypted-media; gyroscope; picture-in-picture; web-share\" referrerpolicy=\"strict-origin-when-cross-origin\" allowfullscreen><\/iframe>\n<\/div><\/figure>\n\n\n\n<p><\/p>\n","protected":false},"excerpt":{"rendered":"<p>Une conf\u00e9rence d&#8217;une grande force, o\u00f9 Johann Chapoutot, malgr\u00e9 une voix enrou\u00e9e, saisit l&#8217;auditoire en nous faisant toucher la modernit\u00e9 inqui\u00e9tante de ressorts sur lesquels s&#8217;est appuy\u00e9 le nazisme, balayant au passage quelques clich\u00e9s que nous avons sur l&#8217;organisation nazie, et qui sont justement l&#8217;oeuvre de la propagande. La captation est de tr\u00e8s bonne qualit\u00e9. La Cit\u00e9 Miroir<\/p>\n","protected":false},"author":1,"featured_media":0,"comment_status":"open","ping_status":"open","sticky":false,"template":"","format":"standard","meta":{"footnotes":""},"categories":[96,97,38],"tags":[],"class_list":["post-213","post","type-post","status-publish","format-standard","hentry","category-johann-chapoutot","category-la-cite-miroir","category-theme-economie-mondiale"],"_links":{"self":[{"href":"https:\/\/smalltalks.eu\/blog\/index.php\/wp-json\/wp\/v2\/posts\/213","targetHints":{"allow":["GET"]}}],"collection":[{"href":"https:\/\/smalltalks.eu\/blog\/index.php\/wp-json\/wp\/v2\/posts"}],"about":[{"href":"https:\/\/smalltalks.eu\/blog\/index.php\/wp-json\/wp\/v2\/types\/post"}],"author":[{"embeddable":true,"href":"https:\/\/smalltalks.eu\/blog\/index.php\/wp-json\/wp\/v2\/users\/1"}],"replies":[{"embeddable":true,"href":"https:\/\/smalltalks.eu\/blog\/index.php\/wp-json\/wp\/v2\/comments?post=213"}],"version-history":[{"count":1,"href":"https:\/\/smalltalks.eu\/blog\/index.php\/wp-json\/wp\/v2\/posts\/213\/revisions"}],"predecessor-version":[{"id":215,"href":"https:\/\/smalltalks.eu\/blog\/index.php\/wp-json\/wp\/v2\/posts\/213\/revisions\/215"}],"wp:attachment":[{"href":"https:\/\/smalltalks.eu\/blog\/index.php\/wp-json\/wp\/v2\/media?parent=213"}],"wp:term":[{"taxonomy":"category","embeddable":true,"href":"https:\/\/smalltalks.eu\/blog\/index.php\/wp-json\/wp\/v2\/categories?post=213"},{"taxonomy":"post_tag","embeddable":true,"href":"https:\/\/smalltalks.eu\/blog\/index.php\/wp-json\/wp\/v2\/tags?post=213"}],"curies":[{"name":"wp","href":"https:\/\/api.w.org\/{rel}","templated":true}]}}