{"id":206,"date":"2022-06-15T20:11:25","date_gmt":"2022-06-15T18:11:25","guid":{"rendered":"https:\/\/smalltalks.eu\/blog\/?p=206"},"modified":"2023-01-01T20:14:15","modified_gmt":"2023-01-01T19:14:15","slug":"comprendre-les-enjeux-de-consommation-de-ressource-et-denergie-quentin-adam-et-pierre-beyssac","status":"publish","type":"post","link":"https:\/\/smalltalks.eu\/blog\/index.php\/2022\/06\/15\/comprendre-les-enjeux-de-consommation-de-ressource-et-denergie-quentin-adam-et-pierre-beyssac\/","title":{"rendered":"Comprendre les enjeux de consommation de ressource et d\u2019\u00e9nergie &#8230; (Quentin Adam et Pierre Beyssac)"},"content":{"rendered":"\n<p><a href=\"https:\/\/www.youtube.com\/@DevoxxFRvideos\"><\/a><\/p>\n\n\n\n<figure class=\"wp-block-embed is-type-rich is-provider-prise-en-charge-des-contenus-embarques wp-block-embed-prise-en-charge-des-contenus-embarques wp-embed-aspect-16-9 wp-has-aspect-ratio\"><div class=\"wp-block-embed__wrapper\">\n<iframe loading=\"lazy\" title=\"Comprendre les enjeux de consommation de ressource et d\u2019\u00e9nergie ... (Quentin Adam et Pierre Beyssac)\" width=\"640\" height=\"360\" src=\"https:\/\/www.youtube.com\/embed\/gxWwxqIrCa8?feature=oembed\" frameborder=\"0\" allow=\"accelerometer; autoplay; clipboard-write; encrypted-media; gyroscope; picture-in-picture; web-share\" referrerpolicy=\"strict-origin-when-cross-origin\" allowfullscreen><\/iframe>\n<\/div><\/figure>\n\n\n\n<blockquote class=\"wp-block-quote is-layout-flow wp-block-quote-is-layout-flow\">\n<p>Titre original :<\/p>\n\n\n\n<p>Comprendre les enjeux de consommation de ressource et d\u2019\u00e9nergie dans le secteur num\u00e9rique (Quentin Adam et Pierre Beyssac)<\/p>\n\n\n\n<p>Description : L\u2019enjeu de la transition \u00e9cologique de toutes les activit\u00e9s humaine est \u00e9galement appel\u00e9 \u00e0 se g\u00e9n\u00e9raliser au num\u00e9rique, et comme les outils informatiques sont symbole de la modernit\u00e9, une exigence d\u2019exemplarit\u00e9 leur sont souvent demand\u00e9e, voire m\u00eame impos\u00e9e par le biais de rapports \u201cRSE\u201d (obligatoire dans certaines conditions) par exemple. Il appartient donc aujourd\u2019hui de se doter d\u2019outils de r\u00e9flexion et de compr\u00e9hension des impacts de nos activit\u00e9s, et une rapide pr\u00e9sentation des forces en pr\u00e9sence et m\u00e9canismes menant \u00e0 la l\u00e9gislation environnementale. Dans cet expos\u00e9, les orateurs vont d\u2019abord pr\u00e9senter le cadre g\u00e9n\u00e9ral de consommation de ressources, d\u00e9finir quelles ressources et \u00e0 quel moment du cycle de vie. Ensuite seront \u00e9tudi\u00e9es les diff\u00e9rentes phases de consommations, l\u2019importance des variations de mesure, de pilotage des consommation, les diff\u00e9rentes conceptions, et les impacts provoqu\u00e9s par le code ou la consommation r\u00e9seau.  <\/p>\n\n\n\n<p>Quentin Adam &#8211; Clever Cloud Quentin ADAM is the CEO of Clever Cloud : a Platform as a Service company allowing you to run java, scala, ruby, node.js, php, python or go applications, with auto scaling and auto healing features. This position allow him to study lots of applications, code, practice, and extract some talks and advises. Regular speaker at various tech conference, he\u2019s focused to help developers to deliver quickly and happily good applications. Twitter : @waxzce Blog: <a rel=\"noreferrer noopener\" href=\"https:\/\/www.youtube.com\/redirect?event=video_description&amp;redir_token=QUFFLUhqbllILURhZXVFSGlkUWgzQWRxTGktTVh0S0Jwd3xBQ3Jtc0tuY0Nvd2JnVV8tMWpRS3h3cTBwU010TE5OdzhEZjFQZF9DVkxDYm1TalFFOXRyWmNMakxtSmMzQVgyaS1teS16eWo1ekxSVHhkR2tuZUVTT0NPUk5pcC12eDd0dkQteTFVdmdfek50YjZJMWtnbnpEMA&amp;q=http%3A%2F%2Fwww.clever-cloud.com%2F&amp;v=gxWwxqIrCa8\" target=\"_blank\">http:\/\/www.clever-cloud.com\/<\/a> <\/p>\n\n\n\n<p>Pierre Beyssac &#8211; Eriomem J&#8217;ai us\u00e9 mes fonds de culotte d\u00e8s le coll\u00e8ge sur le tout d\u00e9but des micros 8 bits, je me suis br\u00fbl\u00e9 les doigts en bricolant des montages \u00e9lectroniques, et je suis aussi tomb\u00e9 dans l&#8217;Internet d\u00e8s que j&#8217;ai pu (~1991-93). J&#8217;ai d\u00e9velopp\u00e9 avec du Basic Applesoft au Go en passant par le C et Python, pour rester dans l&#8217;ordre de l&#8217;avouable, sur du 8 bits, de l&#8217;embarqu\u00e9, ou diff\u00e9rentes vari\u00e9t\u00e9s d&#8217;Unix, de l&#8217;userland au noyau. Du coup j&#8217;ai fond\u00e9 eu.org et eriomem.net, et co-fond\u00e9 gandi.net, entre autres malversations avouables \u00e0 mon passif. J&#8217;ai \u00e9galement un lourd passif d&#8217;ing\u00e9nieur syst\u00e8me et responsable syst\u00e8mes et r\u00e9seaux \u00e0 T\u00e9l\u00e9com ParisTech pendant 11 ans. Je suis aussi un des portes parole du Parti Pirate depuis 2019. Twitter : @pbeyssac Blog: <a rel=\"noreferrer noopener\" href=\"https:\/\/www.youtube.com\/redirect?event=video_description&amp;redir_token=QUFFLUhqbGEybzZ1Vnd6Wnd4Z0wxdVJHblpjQkxZMTJnQXxBQ3Jtc0tsemFVaXNzdGNiellfLWpremU0LURfUDBOdnEwN084TW9RRUdzX3JFOFRvY0FTTUhOVUw0TVo2SWpRYWlNN1JuVy0zQl9iY2R0RVVIUzlKeXZObUdwdmVUUy1VeHUyZlE1dlUyN2d0aTg5MVlNZHBaYw&amp;q=https%3A%2F%2Fsignal.eu.org%2Fblog%2F&amp;v=gxWwxqIrCa8\" target=\"_blank\">https:\/\/signal.eu.org\/blog\/<\/a><\/p>\n<\/blockquote>\n","protected":false},"excerpt":{"rendered":"<p>Titre original : Comprendre les enjeux de consommation de ressource et d\u2019\u00e9nergie dans le secteur num\u00e9rique (Quentin Adam et Pierre Beyssac) Description : L\u2019enjeu de la transition \u00e9cologique de toutes les activit\u00e9s humaine est \u00e9galement appel\u00e9 \u00e0 se g\u00e9n\u00e9raliser au num\u00e9rique, et comme les outils informatiques sont symbole de la modernit\u00e9, une exigence d\u2019exemplarit\u00e9 leur sont souvent demand\u00e9e, voire m\u00eame impos\u00e9e par le biais de rapports \u201cRSE\u201d (obligatoire dans certaines conditions) par exemple. Il appartient donc aujourd\u2019hui de se doter&#8230;<\/p>\n<p class=\"read-more\"><a class=\"btn btn-default\" href=\"https:\/\/smalltalks.eu\/blog\/index.php\/2022\/06\/15\/comprendre-les-enjeux-de-consommation-de-ressource-et-denergie-quentin-adam-et-pierre-beyssac\/\"> Read More<span class=\"screen-reader-text\">  Read More<\/span><\/a><\/p>\n","protected":false},"author":1,"featured_media":0,"comment_status":"open","ping_status":"open","sticky":false,"template":"","format":"standard","meta":{"footnotes":""},"categories":[93,92,41,32],"tags":[],"class_list":["post-206","post","type-post","status-publish","format-standard","hentry","category-pierre-beyssac","category-quentin-adam","category-theme-transition-ecologique","category-theme-information-technologies"],"_links":{"self":[{"href":"https:\/\/smalltalks.eu\/blog\/index.php\/wp-json\/wp\/v2\/posts\/206","targetHints":{"allow":["GET"]}}],"collection":[{"href":"https:\/\/smalltalks.eu\/blog\/index.php\/wp-json\/wp\/v2\/posts"}],"about":[{"href":"https:\/\/smalltalks.eu\/blog\/index.php\/wp-json\/wp\/v2\/types\/post"}],"author":[{"embeddable":true,"href":"https:\/\/smalltalks.eu\/blog\/index.php\/wp-json\/wp\/v2\/users\/1"}],"replies":[{"embeddable":true,"href":"https:\/\/smalltalks.eu\/blog\/index.php\/wp-json\/wp\/v2\/comments?post=206"}],"version-history":[{"count":1,"href":"https:\/\/smalltalks.eu\/blog\/index.php\/wp-json\/wp\/v2\/posts\/206\/revisions"}],"predecessor-version":[{"id":208,"href":"https:\/\/smalltalks.eu\/blog\/index.php\/wp-json\/wp\/v2\/posts\/206\/revisions\/208"}],"wp:attachment":[{"href":"https:\/\/smalltalks.eu\/blog\/index.php\/wp-json\/wp\/v2\/media?parent=206"}],"wp:term":[{"taxonomy":"category","embeddable":true,"href":"https:\/\/smalltalks.eu\/blog\/index.php\/wp-json\/wp\/v2\/categories?post=206"},{"taxonomy":"post_tag","embeddable":true,"href":"https:\/\/smalltalks.eu\/blog\/index.php\/wp-json\/wp\/v2\/tags?post=206"}],"curies":[{"name":"wp","href":"https:\/\/api.w.org\/{rel}","templated":true}]}}