{"id":163,"date":"2022-12-14T08:10:25","date_gmt":"2022-12-14T07:10:25","guid":{"rendered":"https:\/\/smalltalks.eu\/blog\/?p=163"},"modified":"2022-12-14T08:11:16","modified_gmt":"2022-12-14T07:11:16","slug":"la-technologie-peut-elle-empecher-que-la-planete-pete-dominique-bourg","status":"publish","type":"post","link":"https:\/\/smalltalks.eu\/blog\/index.php\/2022\/12\/14\/la-technologie-peut-elle-empecher-que-la-planete-pete-dominique-bourg\/","title":{"rendered":"La technologie peut-elle emp\u00eacher que la plan\u00e8te p\u00e8te ? &#8211; Dominique Bourg"},"content":{"rendered":"\n<blockquote class=\"wp-block-quote is-layout-flow wp-block-quote-is-layout-flow\">\n<p>Une discussion entre Coline, co-fondatrice de Time for the Planet, et Dominique Bourg, philosophe, \u00e9crivain, ancien candidat aux \u00e9lections europ\u00e9ennes sur la liste Urgence \u00c9cologie. \ud83d\udce2 \u201cPisser sous la douche ne suffira pas&#8221; c&#8217;est l&#8217;\u00e9mission qui fait avancer la r\u00e9flexion pour mieux servir l&#8217;action. Chaque semaine, une interview longue avec une personnalit\u00e9 inspirante qui nous livre ses r\u00e9flexions sur une grande question li\u00e9e au d\u00e9r\u00e8glement climatique. Une \u00e9mission de Time for the Planet, un mouvement citoyen qui rassemble 1 milliard d\u2019euros pour cr\u00e9er des entreprises qui luttent contre les gaz \u00e0 effet de serre.<\/p>\n<\/blockquote>\n\n\n\n<figure class=\"wp-block-embed is-type-rich is-provider-prise-en-charge-des-contenus-embarques wp-block-embed-prise-en-charge-des-contenus-embarques wp-embed-aspect-16-9 wp-has-aspect-ratio\"><div class=\"wp-block-embed__wrapper\">\n<iframe loading=\"lazy\" title=\"La technologie peut-elle emp\u00eacher que la plan\u00e8te p\u00e8te ? - Dominique Bourg\" width=\"640\" height=\"360\" src=\"https:\/\/www.youtube.com\/embed\/_UWY2ZO6fUA?feature=oembed\" frameborder=\"0\" allow=\"accelerometer; autoplay; clipboard-write; encrypted-media; gyroscope; picture-in-picture; web-share\" referrerpolicy=\"strict-origin-when-cross-origin\" allowfullscreen><\/iframe>\n<\/div><\/figure>\n\n\n\n<p><a href=\"https:\/\/www.youtube.com\/@TimeForThePlanet\"><\/a><\/p>\n","protected":false},"excerpt":{"rendered":"<p>Une discussion entre Coline, co-fondatrice de Time for the Planet, et Dominique Bourg, philosophe, \u00e9crivain, ancien candidat aux \u00e9lections europ\u00e9ennes sur la liste Urgence \u00c9cologie. \ud83d\udce2 \u201cPisser sous la douche ne suffira pas&#8221; c&#8217;est l&#8217;\u00e9mission qui fait avancer la r\u00e9flexion pour mieux servir l&#8217;action. Chaque semaine, une interview longue avec une personnalit\u00e9 inspirante qui nous livre ses r\u00e9flexions sur une grande question li\u00e9e au d\u00e9r\u00e8glement climatique. Une \u00e9mission de Time for the Planet, un mouvement citoyen qui rassemble 1 milliard&#8230;<\/p>\n<p class=\"read-more\"><a class=\"btn btn-default\" href=\"https:\/\/smalltalks.eu\/blog\/index.php\/2022\/12\/14\/la-technologie-peut-elle-empecher-que-la-planete-pete-dominique-bourg\/\"> Read More<span class=\"screen-reader-text\">  Read More<\/span><\/a><\/p>\n","protected":false},"author":1,"featured_media":0,"comment_status":"open","ping_status":"open","sticky":false,"template":"","format":"standard","meta":{"footnotes":""},"categories":[74,41],"tags":[],"class_list":["post-163","post","type-post","status-publish","format-standard","hentry","category-dominique-bourg","category-theme-transition-ecologique"],"_links":{"self":[{"href":"https:\/\/smalltalks.eu\/blog\/index.php\/wp-json\/wp\/v2\/posts\/163","targetHints":{"allow":["GET"]}}],"collection":[{"href":"https:\/\/smalltalks.eu\/blog\/index.php\/wp-json\/wp\/v2\/posts"}],"about":[{"href":"https:\/\/smalltalks.eu\/blog\/index.php\/wp-json\/wp\/v2\/types\/post"}],"author":[{"embeddable":true,"href":"https:\/\/smalltalks.eu\/blog\/index.php\/wp-json\/wp\/v2\/users\/1"}],"replies":[{"embeddable":true,"href":"https:\/\/smalltalks.eu\/blog\/index.php\/wp-json\/wp\/v2\/comments?post=163"}],"version-history":[{"count":1,"href":"https:\/\/smalltalks.eu\/blog\/index.php\/wp-json\/wp\/v2\/posts\/163\/revisions"}],"predecessor-version":[{"id":165,"href":"https:\/\/smalltalks.eu\/blog\/index.php\/wp-json\/wp\/v2\/posts\/163\/revisions\/165"}],"wp:attachment":[{"href":"https:\/\/smalltalks.eu\/blog\/index.php\/wp-json\/wp\/v2\/media?parent=163"}],"wp:term":[{"taxonomy":"category","embeddable":true,"href":"https:\/\/smalltalks.eu\/blog\/index.php\/wp-json\/wp\/v2\/categories?post=163"},{"taxonomy":"post_tag","embeddable":true,"href":"https:\/\/smalltalks.eu\/blog\/index.php\/wp-json\/wp\/v2\/tags?post=163"}],"curies":[{"name":"wp","href":"https:\/\/api.w.org\/{rel}","templated":true}]}}