{"id":157,"date":"2022-12-10T10:15:03","date_gmt":"2022-12-10T09:15:03","guid":{"rendered":"https:\/\/smalltalks.eu\/blog\/?p=157"},"modified":"2022-12-10T10:15:03","modified_gmt":"2022-12-10T09:15:03","slug":"arthur-keller-les-defis-de-notre-temps-caracterisation-systemique-et-strategie-systemique-centrale-supelec","status":"publish","type":"post","link":"https:\/\/smalltalks.eu\/blog\/index.php\/2022\/12\/10\/arthur-keller-les-defis-de-notre-temps-caracterisation-systemique-et-strategie-systemique-centrale-supelec\/","title":{"rendered":"Arthur Keller \u2013 Les d\u00e9fis de notre temps : caract\u00e9risation syst\u00e9mique et strat\u00e9gie syst\u00e9mique [Centrale Supelec]"},"content":{"rendered":"\n<blockquote class=\"wp-block-quote is-layout-flow wp-block-quote-is-layout-flow\">\n<p>Cours de Arthur Keller dispens\u00e9 \u00e0 tous les \u00e9tudiants en 2\u00e8me ann\u00e9e \u00e0 CentraleSup\u00e9lec le 13 octobre 2021. Arthur Keller, n\u00e9 en 1975, est un auteur, conf\u00e9rencier, formateur et consultant fran\u00e7ais. Il a sign\u00e9 ou cosign\u00e9 articles, tribunes, chapitres de livres collectifs et vid\u00e9os sur les questions de transition \u00e9cologique, de limites et vuln\u00e9rabilit\u00e9s des soci\u00e9t\u00e9s modernes, de risques syst\u00e9miques, de strat\u00e9gies de r\u00e9silience collective, de s\u00e9curit\u00e9 globale \u2013 alimentaire, \u00e9nerg\u00e9tique, civile, socio-\u00e9conomique, sanitaire \u2013 des territoires, ainsi que de l\u2019usage des r\u00e9cits comme leviers de transformation collective.<\/p>\n<cite>CentraleSupelec<\/cite><\/blockquote>\n\n\n\n<p><\/p>\n\n\n\n<figure class=\"wp-block-embed is-type-rich is-provider-prise-en-charge-des-contenus-embarques wp-block-embed-prise-en-charge-des-contenus-embarques wp-embed-aspect-16-9 wp-has-aspect-ratio\"><div class=\"wp-block-embed__wrapper\">\n<iframe loading=\"lazy\" title=\"Arthur Keller \u2013 Les d\u00e9fis de notre temps : caract\u00e9risation syst\u00e9mique et strat\u00e9gie syst\u00e9mique\" width=\"640\" height=\"360\" src=\"https:\/\/www.youtube.com\/embed\/FoCN8vFPMz4?feature=oembed\" frameborder=\"0\" allow=\"accelerometer; autoplay; clipboard-write; encrypted-media; gyroscope; picture-in-picture; web-share\" referrerpolicy=\"strict-origin-when-cross-origin\" allowfullscreen><\/iframe>\n<\/div><\/figure>\n\n\n\n<p><a href=\"https:\/\/www.youtube.com\/@CentraleSupelecCS\"><\/a><\/p>\n\n\n\n<blockquote class=\"wp-block-quote is-layout-flow wp-block-quote-is-layout-flow\"><\/blockquote>\n","protected":false},"excerpt":{"rendered":"<p>Cours de Arthur Keller dispens\u00e9 \u00e0 tous les \u00e9tudiants en 2\u00e8me ann\u00e9e \u00e0 CentraleSup\u00e9lec le 13 octobre 2021. Arthur Keller, n\u00e9 en 1975, est un auteur, conf\u00e9rencier, formateur et consultant fran\u00e7ais. Il a sign\u00e9 ou cosign\u00e9 articles, tribunes, chapitres de livres collectifs et vid\u00e9os sur les questions de transition \u00e9cologique, de limites et vuln\u00e9rabilit\u00e9s des soci\u00e9t\u00e9s modernes, de risques syst\u00e9miques, de strat\u00e9gies de r\u00e9silience collective, de s\u00e9curit\u00e9 globale \u2013 alimentaire, \u00e9nerg\u00e9tique, civile, socio-\u00e9conomique, sanitaire \u2013 des territoires, ainsi que de&#8230;<\/p>\n<p class=\"read-more\"><a class=\"btn btn-default\" href=\"https:\/\/smalltalks.eu\/blog\/index.php\/2022\/12\/10\/arthur-keller-les-defis-de-notre-temps-caracterisation-systemique-et-strategie-systemique-centrale-supelec\/\"> Read More<span class=\"screen-reader-text\">  Read More<\/span><\/a><\/p>\n","protected":false},"author":1,"featured_media":0,"comment_status":"open","ping_status":"open","sticky":false,"template":"","format":"standard","meta":{"footnotes":""},"categories":[40,71,41],"tags":[],"class_list":["post-157","post","type-post","status-publish","format-standard","hentry","category-arthur-keller","category-centrale-supelec","category-theme-transition-ecologique"],"_links":{"self":[{"href":"https:\/\/smalltalks.eu\/blog\/index.php\/wp-json\/wp\/v2\/posts\/157","targetHints":{"allow":["GET"]}}],"collection":[{"href":"https:\/\/smalltalks.eu\/blog\/index.php\/wp-json\/wp\/v2\/posts"}],"about":[{"href":"https:\/\/smalltalks.eu\/blog\/index.php\/wp-json\/wp\/v2\/types\/post"}],"author":[{"embeddable":true,"href":"https:\/\/smalltalks.eu\/blog\/index.php\/wp-json\/wp\/v2\/users\/1"}],"replies":[{"embeddable":true,"href":"https:\/\/smalltalks.eu\/blog\/index.php\/wp-json\/wp\/v2\/comments?post=157"}],"version-history":[{"count":1,"href":"https:\/\/smalltalks.eu\/blog\/index.php\/wp-json\/wp\/v2\/posts\/157\/revisions"}],"predecessor-version":[{"id":159,"href":"https:\/\/smalltalks.eu\/blog\/index.php\/wp-json\/wp\/v2\/posts\/157\/revisions\/159"}],"wp:attachment":[{"href":"https:\/\/smalltalks.eu\/blog\/index.php\/wp-json\/wp\/v2\/media?parent=157"}],"wp:term":[{"taxonomy":"category","embeddable":true,"href":"https:\/\/smalltalks.eu\/blog\/index.php\/wp-json\/wp\/v2\/categories?post=157"},{"taxonomy":"post_tag","embeddable":true,"href":"https:\/\/smalltalks.eu\/blog\/index.php\/wp-json\/wp\/v2\/tags?post=157"}],"curies":[{"name":"wp","href":"https:\/\/api.w.org\/{rel}","templated":true}]}}