{"id":151,"date":"2022-12-08T11:55:57","date_gmt":"2022-12-08T10:55:57","guid":{"rendered":"https:\/\/smalltalks.eu\/blog\/?p=151"},"modified":"2022-12-08T11:55:57","modified_gmt":"2022-12-08T10:55:57","slug":"en-route-vers-un-confinement-energetique-nicolas-meilhan-et-philippe-bihouix-thinkerview","status":"publish","type":"post","link":"https:\/\/smalltalks.eu\/blog\/index.php\/2022\/12\/08\/en-route-vers-un-confinement-energetique-nicolas-meilhan-et-philippe-bihouix-thinkerview\/","title":{"rendered":"En route vers un confinement \u00e9nerg\u00e9tique ? Nicolas Meilhan et Philippe Bihouix [Thinkerview]"},"content":{"rendered":"\n<p>Chez Thinkerview, le 30 nov. 2022, Philippe Bihouix : Ing\u00e9nieur, directeur g\u00e9n\u00e9ral du groupe AREP et Nicolas Meilhan : Ing\u00e9nieur, transport et \u00e9nergie.<a href=\"https:\/\/www.youtube.com\/@thinkerview\"><\/a><\/p>\n\n\n\n<figure class=\"wp-block-embed is-type-rich is-provider-prise-en-charge-des-contenus-embarques wp-block-embed-prise-en-charge-des-contenus-embarques wp-embed-aspect-16-9 wp-has-aspect-ratio\"><div class=\"wp-block-embed__wrapper\">\n<iframe loading=\"lazy\" title=\"En route vers un confinement \u00e9nerg\u00e9tique ? Nicolas Meilhan et Philippe Bihouix [EN DIRECT]\" width=\"640\" height=\"360\" src=\"https:\/\/www.youtube.com\/embed\/xJyLv_vWZJ8?feature=oembed\" frameborder=\"0\" allow=\"accelerometer; autoplay; clipboard-write; encrypted-media; gyroscope; picture-in-picture; web-share\" referrerpolicy=\"strict-origin-when-cross-origin\" allowfullscreen><\/iframe>\n<\/div><\/figure>\n","protected":false},"excerpt":{"rendered":"<p>Chez Thinkerview, le 30 nov. 2022, Philippe Bihouix : Ing\u00e9nieur, directeur g\u00e9n\u00e9ral du groupe AREP et Nicolas Meilhan : Ing\u00e9nieur, transport et \u00e9nergie.<\/p>\n","protected":false},"author":1,"featured_media":0,"comment_status":"open","ping_status":"open","sticky":false,"template":"","format":"standard","meta":{"footnotes":""},"categories":[47,67,41,63],"tags":[],"class_list":["post-151","post","type-post","status-publish","format-standard","hentry","category-nicolas-meilhan","category-philippe-bihouix","category-theme-transition-ecologique","category-thinkerview"],"_links":{"self":[{"href":"https:\/\/smalltalks.eu\/blog\/index.php\/wp-json\/wp\/v2\/posts\/151","targetHints":{"allow":["GET"]}}],"collection":[{"href":"https:\/\/smalltalks.eu\/blog\/index.php\/wp-json\/wp\/v2\/posts"}],"about":[{"href":"https:\/\/smalltalks.eu\/blog\/index.php\/wp-json\/wp\/v2\/types\/post"}],"author":[{"embeddable":true,"href":"https:\/\/smalltalks.eu\/blog\/index.php\/wp-json\/wp\/v2\/users\/1"}],"replies":[{"embeddable":true,"href":"https:\/\/smalltalks.eu\/blog\/index.php\/wp-json\/wp\/v2\/comments?post=151"}],"version-history":[{"count":1,"href":"https:\/\/smalltalks.eu\/blog\/index.php\/wp-json\/wp\/v2\/posts\/151\/revisions"}],"predecessor-version":[{"id":153,"href":"https:\/\/smalltalks.eu\/blog\/index.php\/wp-json\/wp\/v2\/posts\/151\/revisions\/153"}],"wp:attachment":[{"href":"https:\/\/smalltalks.eu\/blog\/index.php\/wp-json\/wp\/v2\/media?parent=151"}],"wp:term":[{"taxonomy":"category","embeddable":true,"href":"https:\/\/smalltalks.eu\/blog\/index.php\/wp-json\/wp\/v2\/categories?post=151"},{"taxonomy":"post_tag","embeddable":true,"href":"https:\/\/smalltalks.eu\/blog\/index.php\/wp-json\/wp\/v2\/tags?post=151"}],"curies":[{"name":"wp","href":"https:\/\/api.w.org\/{rel}","templated":true}]}}