{"id":114,"date":"2022-12-05T08:43:03","date_gmt":"2022-12-05T07:43:03","guid":{"rendered":"https:\/\/smalltalks.eu\/blog\/?p=114"},"modified":"2022-12-07T18:40:04","modified_gmt":"2022-12-07T17:40:04","slug":"marc-fontecave-la-transition-energetique-aujourdhui-et-demain","status":"publish","type":"post","link":"https:\/\/smalltalks.eu\/blog\/index.php\/2022\/12\/05\/marc-fontecave-la-transition-energetique-aujourdhui-et-demain\/","title":{"rendered":"Marc Fontecave &#8211; La transition \u00e9nerg\u00e9tique aujourd\u2019hui et demain"},"content":{"rendered":"\n<p><em>&#8220;Les enjeux climatiques et environnementaux imposent l\u2019av\u00e8nement d\u2019une transition 2nerg\u00e9tique vers un monde nouveau, plus \u00e9conome, plus \u00e9lectrique et moins \u00e9metteur de CO2. Cette transition, qui est d\u00e9j\u00e0 engag\u00e9e, ne sera effective qu\u2019avec des investissements massifs en recherche, fondamentale, technologique et industrielle, et en innovation. Nous discuterons de la situation \u00e9nerg\u00e9tique actuelle, des sc\u00e9narios r\u00e9alistes que nous pouvons envisager, des d\u00e9fis scientifiques et technologiques que nous devons affronter, en particulier ceux li\u00e9s \u00e0 la d\u00e9carbonation des secteurs les plus \u00e9metteurs (transport, habitat, industrie), \u00e0 la mont\u00e9e en puissance des \u00e9nergies renouvelables intermittentes, aux besoins d\u2019infrastructures nouvelles pour le stockage d\u2019\u00e9nergie \u00e0 grande \u00e9chelle, etc.<\/em>&#8220;<\/p>\n\n\n\n<figure class=\"wp-block-embed is-type-rich is-provider-prise-en-charge-des-contenus-embarques wp-block-embed-prise-en-charge-des-contenus-embarques wp-embed-aspect-16-9 wp-has-aspect-ratio\"><div class=\"wp-block-embed__wrapper\">\n<iframe loading=\"lazy\" title=\"[Le\u00e7on inaugurale] Marc Fontecave - La transition \u00e9nerg\u00e9tique aujourd&#039;hui et demain (2021)\" width=\"640\" height=\"360\" src=\"https:\/\/www.youtube.com\/embed\/XsN4_Ju_aX0?feature=oembed\" frameborder=\"0\" allow=\"accelerometer; autoplay; clipboard-write; encrypted-media; gyroscope; picture-in-picture; web-share\" referrerpolicy=\"strict-origin-when-cross-origin\" allowfullscreen><\/iframe>\n<\/div><\/figure>\n","protected":false},"excerpt":{"rendered":"<p>&#8220;Les enjeux climatiques et environnementaux imposent l\u2019av\u00e8nement d\u2019une transition 2nerg\u00e9tique vers un monde nouveau, plus \u00e9conome, plus \u00e9lectrique et moins \u00e9metteur de CO2. Cette transition, qui est d\u00e9j\u00e0 engag\u00e9e, ne sera effective qu\u2019avec des investissements massifs en recherche, fondamentale, technologique et industrielle, et en innovation. Nous discuterons de la situation \u00e9nerg\u00e9tique actuelle, des sc\u00e9narios r\u00e9alistes que nous pouvons envisager, des d\u00e9fis scientifiques et technologiques que nous devons affronter, en particulier ceux li\u00e9s \u00e0 la d\u00e9carbonation des secteurs les plus \u00e9metteurs&#8230;<\/p>\n<p class=\"read-more\"><a class=\"btn btn-default\" href=\"https:\/\/smalltalks.eu\/blog\/index.php\/2022\/12\/05\/marc-fontecave-la-transition-energetique-aujourdhui-et-demain\/\"> Read More<span class=\"screen-reader-text\">  Read More<\/span><\/a><\/p>\n","protected":false},"author":1,"featured_media":0,"comment_status":"open","ping_status":"open","sticky":false,"template":"","format":"standard","meta":{"footnotes":""},"categories":[49,41],"tags":[],"class_list":["post-114","post","type-post","status-publish","format-standard","hentry","category-marc-fontecave","category-theme-transition-ecologique"],"_links":{"self":[{"href":"https:\/\/smalltalks.eu\/blog\/index.php\/wp-json\/wp\/v2\/posts\/114","targetHints":{"allow":["GET"]}}],"collection":[{"href":"https:\/\/smalltalks.eu\/blog\/index.php\/wp-json\/wp\/v2\/posts"}],"about":[{"href":"https:\/\/smalltalks.eu\/blog\/index.php\/wp-json\/wp\/v2\/types\/post"}],"author":[{"embeddable":true,"href":"https:\/\/smalltalks.eu\/blog\/index.php\/wp-json\/wp\/v2\/users\/1"}],"replies":[{"embeddable":true,"href":"https:\/\/smalltalks.eu\/blog\/index.php\/wp-json\/wp\/v2\/comments?post=114"}],"version-history":[{"count":4,"href":"https:\/\/smalltalks.eu\/blog\/index.php\/wp-json\/wp\/v2\/posts\/114\/revisions"}],"predecessor-version":[{"id":121,"href":"https:\/\/smalltalks.eu\/blog\/index.php\/wp-json\/wp\/v2\/posts\/114\/revisions\/121"}],"wp:attachment":[{"href":"https:\/\/smalltalks.eu\/blog\/index.php\/wp-json\/wp\/v2\/media?parent=114"}],"wp:term":[{"taxonomy":"category","embeddable":true,"href":"https:\/\/smalltalks.eu\/blog\/index.php\/wp-json\/wp\/v2\/categories?post=114"},{"taxonomy":"post_tag","embeddable":true,"href":"https:\/\/smalltalks.eu\/blog\/index.php\/wp-json\/wp\/v2\/tags?post=114"}],"curies":[{"name":"wp","href":"https:\/\/api.w.org\/{rel}","templated":true}]}}