{"id":10,"date":"2022-10-10T08:45:00","date_gmt":"2022-10-10T06:45:00","guid":{"rendered":""},"modified":"2022-12-01T11:34:41","modified_gmt":"2022-12-01T10:34:41","slug":"cynthia-fleury-silence-et-mort","status":"publish","type":"post","link":"https:\/\/smalltalks.eu\/blog\/index.php\/2022\/10\/10\/cynthia-fleury-silence-et-mort\/","title":{"rendered":"Cynthia Fleury &#8211; Silence et mort"},"content":{"rendered":"<p><i>Quel r\u00f4le tient le silence dans un tel projet ?<\/i><\/p>\n<p style=\"text-align: justify;\">C&#8217;est un facteur cl\u00e9 du bien-\u00eatre de l&#8217;\u00eatre humain. En nous prot\u00e9geant des bruits ind\u00e9sirables, il nous permet d&#8217;acc\u00e9der au sacr\u00e9, au spirituel, de nous concentrer, de pr\u00e9server notre sant\u00e9 physique et psychique. Il conditionne aussi la civilit\u00e9, l&#8217;harmonie du vivre-ensemble. Il n&#8217;existe pas de d\u00e9bat, de dialogue sans organisation de la parole et donc du silence. Or celui-ci est de plus en plus l&#8217;apanage des plus privil\u00e9gi\u00e9s. Il faut donc cr\u00e9er des espaces et des services, publics ou priv\u00e9s, qui permettent de b\u00e9n\u00e9ficier gratuitement du silence pour que nous puissions pr\u00e9server la qualit\u00e9 de notre attention au monde. C&#8217;est ainsi, aussi, que nous pourrons mieux g\u00e9rer nos vuln\u00e9rabilit\u00e9s.<\/p>\n<p><i>Et le soin aux morts ?<\/i><\/p>\n<p style=\"text-align: justify;\">Il est essentiel. Les endeuill\u00e9s sont exclus de ce monde ; on l&#8217;a vu au plus fort de la pand\u00e9mie de Covid, quand les familles ont \u00e9t\u00e9 emp\u00each\u00e9es d&#8217;accompagner les malades, voire d&#8217;assister aux inhumations. Les d\u00e9g\u00e2ts sont colossaux. Une communaut\u00e9 politique, c&#8217;est donner du soin aux vivants mais aussi aux morts. Une soci\u00e9t\u00e9 qui ne fait pas cela se mutile. Si l&#8217;homme se tient debout, c&#8217;est gr\u00e2ce \u00e0 une verticalisation aussi physique que psychique ou spirituelle. Rendre l&#8217;absent pr\u00e9sent, le symboliser, le comm\u00e9morer sont autant de rituels essentiels \u00e0 la consolidation du sentiment humain. Je pourrais tenir un raisonnement du m\u00eame ordre en ce qui concerne le patrimoine architectural et le rapport au pass\u00e9 : nous avons abandonn\u00e9 aux sp\u00e9cialistes la d\u00e9fense de notre culture patrimoniale, alors qu&#8217;elle nous lie \u00e0 ceux qui nous ont pr\u00e9c\u00e9d\u00e9s. On oublie souvent qu&#8217;habiter, c&#8217;est demeurer, c&#8217;est prendre conscience du temps long qui nous traverse.<\/p>\n","protected":false},"excerpt":{"rendered":"<p>Quel r\u00f4le tient le silence dans un tel projet ? C&#8217;est un facteur cl\u00e9 du bien-\u00eatre de l&#8217;\u00eatre humain. En nous prot\u00e9geant des bruits ind\u00e9sirables, il nous permet d&#8217;acc\u00e9der au sacr\u00e9, au spirituel, de nous concentrer, de pr\u00e9server notre sant\u00e9 physique et psychique. Il conditionne aussi la civilit\u00e9, l&#8217;harmonie du vivre-ensemble. Il n&#8217;existe pas de d\u00e9bat, de dialogue sans organisation de la parole et donc du silence. Or celui-ci est de plus en plus l&#8217;apanage des plus privil\u00e9gi\u00e9s. Il faut&#8230;<\/p>\n<p class=\"read-more\"><a class=\"btn btn-default\" href=\"https:\/\/smalltalks.eu\/blog\/index.php\/2022\/10\/10\/cynthia-fleury-silence-et-mort\/\"> Read More<span class=\"screen-reader-text\">  Read More<\/span><\/a><\/p>\n","protected":false},"author":1,"featured_media":0,"comment_status":"open","ping_status":"open","sticky":false,"template":"","format":"standard","meta":{"footnotes":""},"categories":[6],"tags":[],"class_list":["post-10","post","type-post","status-publish","format-standard","hentry","category-cynthia-fleury"],"_links":{"self":[{"href":"https:\/\/smalltalks.eu\/blog\/index.php\/wp-json\/wp\/v2\/posts\/10","targetHints":{"allow":["GET"]}}],"collection":[{"href":"https:\/\/smalltalks.eu\/blog\/index.php\/wp-json\/wp\/v2\/posts"}],"about":[{"href":"https:\/\/smalltalks.eu\/blog\/index.php\/wp-json\/wp\/v2\/types\/post"}],"author":[{"embeddable":true,"href":"https:\/\/smalltalks.eu\/blog\/index.php\/wp-json\/wp\/v2\/users\/1"}],"replies":[{"embeddable":true,"href":"https:\/\/smalltalks.eu\/blog\/index.php\/wp-json\/wp\/v2\/comments?post=10"}],"version-history":[{"count":2,"href":"https:\/\/smalltalks.eu\/blog\/index.php\/wp-json\/wp\/v2\/posts\/10\/revisions"}],"predecessor-version":[{"id":77,"href":"https:\/\/smalltalks.eu\/blog\/index.php\/wp-json\/wp\/v2\/posts\/10\/revisions\/77"}],"wp:attachment":[{"href":"https:\/\/smalltalks.eu\/blog\/index.php\/wp-json\/wp\/v2\/media?parent=10"}],"wp:term":[{"taxonomy":"category","embeddable":true,"href":"https:\/\/smalltalks.eu\/blog\/index.php\/wp-json\/wp\/v2\/categories?post=10"},{"taxonomy":"post_tag","embeddable":true,"href":"https:\/\/smalltalks.eu\/blog\/index.php\/wp-json\/wp\/v2\/tags?post=10"}],"curies":[{"name":"wp","href":"https:\/\/api.w.org\/{rel}","templated":true}]}}